{"id":10089,"date":"2014-12-07T13:00:25","date_gmt":"2014-12-07T11:00:25","guid":{"rendered":"http:\/\/thedailycouture.com\/?p=10089"},"modified":"2019-03-15T13:14:01","modified_gmt":"2019-03-15T12:14:01","slug":"francais-chanel-en-super-heros","status":"publish","type":"post","link":"https:\/\/thedailycouture.com\/en\/francais-chanel-en-super-heros\/","title":{"rendered":"CHANEL EN SUPER-H\u00c9ROS"},"content":{"rendered":"<p style=\"text-align: left;\"><span style=\"color: #808080;\">A\u00a0 l&#8217;occasion du 25\u00e8me anniversaire du c\u00e9l\u00e8bre d\u00e9fil\u00e9 couture des Catherinettes, rassemblant les maisons de mode pour un hommage \u00e0 l&#8217;\u00e9l\u00e9gance parisienne,\u00a0 the Daily Couture s\u2019est faufil\u00e9 au milieu des 150 participants venus des maisons de couture parisiennes, mais aussi de l\u2019\u00e9tablissement Maison Blanche ou de l\u2019\u00e9cole Sup de Luxe. Le tout chapeaut\u00e9 par le Comit\u00e9 Montaigne, charg\u00e9 de faire vivre le Triangle d&#8217;Or parisien.<\/span><\/p>\n<p style=\"text-align: left;\"><span style=\"color: #808080;\"><a style=\"color: #808080;\" href=\"http:\/\/thedailycouture.com\/2014\/12\/07\/francais-chanel-en-super-heros\/chanel_logo_superheroes_thedailycouture\/\" rel=\"attachment wp-att-10100\"><img loading=\"lazy\" decoding=\"async\" class=\"aligncenter\" title=\"Chanel en super-h\u00e9ros, les Catherinettes, 2014, publi\u00e9e sur thedailycouture\" src=\"http:\/\/thedailycouture.com\/wp-content\/uploads\/2014\/12\/chanel_logo_superheroes_thedailycouture.gif\" alt=\"chanel, catherinettes 2014, super-heros, the daily couture\" width=\"500\" height=\"504\" \/><\/a><a style=\"color: #808080;\" href=\"http:\/\/thedailycouture.com\/2014\/12\/07\/francais-chanel-en-super-heros\/chanel_logo_catherinettes2014_thedailycouture-2\/\" rel=\"attachment wp-att-10114\"><img loading=\"lazy\" decoding=\"async\" class=\"aligncenter size-full wp-image-10114\" title=\"chanel en super-h\u00e9ros, les Catherinettes 2014, publi\u00e9e sur thedailycouture\" src=\"http:\/\/thedailycouture.com\/wp-content\/uploads\/2014\/12\/chanel_logo_catherinettes2014_thedailycouture1.gif\" alt=\"chanel, super-h\u00e9ros, catherinettes 2014, the daily couture\" width=\"500\" height=\"836\" srcset=\"https:\/\/thedailycouture.com\/wp-content\/uploads\/2014\/12\/chanel_logo_catherinettes2014_thedailycouture1.gif 500w, https:\/\/thedailycouture.com\/wp-content\/uploads\/2014\/12\/chanel_logo_catherinettes2014_thedailycouture1-209x350.gif 209w, https:\/\/thedailycouture.com\/wp-content\/uploads\/2014\/12\/chanel_logo_catherinettes2014_thedailycouture1-239x400.gif 239w\" sizes=\"auto, (max-width: 500px) 85vw, 500px\" \/><\/a><\/span><\/p>\n<p style=\"text-align: left;\"><span style=\"color: #808080;\">Au th\u00e9\u00e2tre des Champs-Elys\u00e9es, au milieu de cette vague jaune et verte d\u00e9ferlant joyeusement sur les t\u00eates des participants (incluant donc quelques Nicolas \u00e0 marier\u00a0!), d\u00e9tonnaient les chapeaux sign\u00e9s Chanel. Parce que chaque pi\u00e8ce unique affirmait ce que ch\u00e9rit la maison de couture : embrasser l\u2019air du temps. Absolument.<\/span><\/p>\n<p style=\"text-align: left;\"><span style=\"color: #808080;\">Ne plus aimer son temps, c\u2019est ne plus en \u00eatre, mart\u00e8le Karl Lagerfeld.\u00a0 La marque aime surprendre depuis quelques saisons. Parfois, elle effleure les enjeux soci\u00e9taux avec la sc\u00e9nographie de ses d\u00e9fil\u00e9s.\u00a0 Avec les Catherinettes, Chanel misait sur le d\u00e9calage et l\u2019humour aupr\u00e8s des jeunes femmes appartenant \u00e0 cette fameuse g\u00e9n\u00e9ration Y, par ailleurs pris\u00e9e de toutes les marques de luxe \u00e0 l&#8217;\u00e9coute \u00e0 ce qui pourrait bien plaire \u00e0 cette future client\u00e8le .<\/span><\/p>\n<p style=\"text-align: left;\"><span style=\"color: #808080;\">Pari r\u00e9ussi avec ces chapeaux inspir\u00e9s de l\u2019univers des super-h\u00e9ros. Et qui ont plu aussi au Jury puisque que trois Catherinettes Chanel ont \u00e9t\u00e9 r\u00e9compens\u00e9es pour leur chapeau respectivement\u00a0 \u00ab\u00a0le plus original\u00a0\u00bb, \u00ab\u00a0le plus \u00e9l\u00e9gant\u00a0\u00bb ou \u00ab\u00a0le plus impressionnant\u00a0\u00bb et pour le Prix du Nicolas.<\/span><\/p>\n<p style=\"text-align: left;\"><span style=\"color: #808080;\">Les CC entrelac\u00e9s du logo s\u2019amusent, se d\u00e9clinent voire se transforment en un logo Superman chanelis\u00e9\u2026 Et voil\u00e0 la Catherinette Chanel dot\u00e9e de pouvoirs surnaturels. Une histoire sympathique, non\u00a0?!<\/span><\/p>\n<p style=\"text-align: left;\"><span style=\"color: #808080;\">Selon qu\u2019on la per\u00e7oive de face, de c\u00f4t\u00e9 ou de dos,\u00a0 la pi\u00e8ce r\u00e9v\u00e8le de multiples style juxtapos\u00e9s les uns aux autres.\u00a0 Soit plusieurs chapeaux en un, des chapeaux capables de se m\u00e9tamorphoser comme des superh\u00e9ros, bien s\u00fbr\u00a0!<\/span><\/p>\n<p style=\"text-align: left;\"><span style=\"color: #808080;\">Mon pr\u00e9f\u00e9r\u00e9 fut r\u00e9compens\u00e9 du Prix de l\u2019Originalit\u00e9\u00a0: un chapeau cloche d\u2019inspiration ann\u00e9e 30 par\u00e9 d\u2019un voile, devenu toile d\u2019araign\u00e9e estampill\u00e9e Chanel. Le tout r\u00e9alis\u00e9 dans les r\u00e8gles d\u2019art par les artisans de l\u2019atelier couture de la Maison Michel.<\/span><\/p>\n<p style=\"text-align: left;\"><span style=\"color: #808080;\">La Catherinette Chanel\u00a0?\u00a0 Une femme-araign\u00e9e dot\u00e9e de pouvoirs extraordinaires\u2026 Id\u00e9al pour r\u00e9aliser son v\u0153u de mariage dans sa 25\u00e8me ann\u00e9e&#8230;. et c\u00e9l\u00e9brer, en toute convivialit\u00e9, la mode et la couture&#8230; Et, pour Chanel, de nous rappeler sa modernit\u00e9.<\/span><\/p>\n<p style=\"text-align: left;\"><span style=\"color: #808080;\"><a style=\"color: #808080;\" href=\"http:\/\/thedailycouture.com\/2014\/12\/07\/francais-chanel-en-super-heros\/chanel_stcatherine_thedailycouture\/\" rel=\"attachment wp-att-10098\"><img loading=\"lazy\" decoding=\"async\" class=\"aligncenter size-full wp-image-10098\" title=\"chanel en super-h\u00e9ros, les Catherinettes, billet de thedailycouture\" src=\"http:\/\/thedailycouture.com\/wp-content\/uploads\/2014\/12\/chanel_stcatherine_thedailycouture.gif\" alt=\"chanel, super h\u00e9ros, catherinettes, the daily couture,\" width=\"500\" height=\"633\" srcset=\"https:\/\/thedailycouture.com\/wp-content\/uploads\/2014\/12\/chanel_stcatherine_thedailycouture.gif 500w, https:\/\/thedailycouture.com\/wp-content\/uploads\/2014\/12\/chanel_stcatherine_thedailycouture-250x316.gif 250w, https:\/\/thedailycouture.com\/wp-content\/uploads\/2014\/12\/chanel_stcatherine_thedailycouture-315x400.gif 315w\" sizes=\"auto, (max-width: 500px) 85vw, 500px\" \/><\/a><br \/>\n<\/span><\/p>\n<p style=\"text-align: left;\"><span style=\"color: #808080;\"><a style=\"color: #808080;\" href=\"http:\/\/thedailycouture.com\/wp-content\/uploads\/2014\/12\/chanel_4_catherinettes_2014_thedailycouture.gif\"><img loading=\"lazy\" decoding=\"async\" class=\"aligncenter\" title=\"Chanel en super-h\u00e9ros, les Catherinettes, 2014, publi\u00e9e sur thedailycouture\" src=\"http:\/\/thedailycouture.com\/wp-content\/uploads\/2014\/12\/chanel_4_catherinettes_2014_thedailycouture.gif\" alt=\"chanel, catherinettes 2014, super-h\u00e9ros, the daily couture\" width=\"497\" height=\"544\" \/><\/a><\/span><\/p>\n<p style=\"text-align: left;\"><span style=\"color: #808080;\"><a style=\"color: #808080;\" href=\"http:\/\/thedailycouture.com\/2014\/12\/07\/francais-chanel-en-super-heros\/chanel_2_catherinnettes_2014_thedailycouture\/\" rel=\"attachment wp-att-10102\"><img loading=\"lazy\" decoding=\"async\" class=\"size-full wp-image-10102 aligncenter\" title=\"Chanel en super-h\u00e9ros, les Catherinnettes, 2014, publi\u00e9e sur thedailycouture\" src=\"http:\/\/thedailycouture.com\/wp-content\/uploads\/2014\/12\/chanel_2_catherinnettes_2014_thedailycouture.gif\" alt=\"chanel super-h\u00e9ros, catherinettes 2014, thedailycouture\" width=\"300\" height=\"400\" srcset=\"https:\/\/thedailycouture.com\/wp-content\/uploads\/2014\/12\/chanel_2_catherinnettes_2014_thedailycouture.gif 300w, https:\/\/thedailycouture.com\/wp-content\/uploads\/2014\/12\/chanel_2_catherinnettes_2014_thedailycouture-250x333.gif 250w\" sizes=\"auto, (max-width: 300px) 85vw, 300px\" \/><\/a><a style=\"color: #808080;\" href=\"http:\/\/thedailycouture.com\/2014\/12\/07\/francais-chanel-en-super-heros\/chanel_1_catherinnettes_2015_thedailycouture\/\" rel=\"attachment wp-att-10103\"><img loading=\"lazy\" decoding=\"async\" class=\"size-full wp-image-10103 aligncenter\" title=\"Chanel en super-h\u00e9ros, les Catherinettes, 2014, publi\u00e9e sur thedailycouture\" src=\"http:\/\/thedailycouture.com\/wp-content\/uploads\/2014\/12\/chanel_1_catherinnettes_2015_thedailycouture.gif\" alt=\"chanel, super-h\u00e9ros, catherinettes 2014, the daily couture\" width=\"300\" height=\"400\" srcset=\"https:\/\/thedailycouture.com\/wp-content\/uploads\/2014\/12\/chanel_1_catherinnettes_2015_thedailycouture.gif 300w, https:\/\/thedailycouture.com\/wp-content\/uploads\/2014\/12\/chanel_1_catherinnettes_2015_thedailycouture-250x333.gif 250w\" sizes=\"auto, (max-width: 300px) 85vw, 300px\" \/><\/a><\/span><\/p>\n<p style=\"text-align: left;\"><span style=\"color: #808080;\">Le Palmar\u00e8s complet, ci-dessous,\u00a0 incluant des r\u00e9compenses d\u00e9cern\u00e9es aussi aux chapeaux uniques des Maisons Dior, Ungaro, mais aussi de l\u2019\u00e9tablissement Maison Blanche ou \u00e0 l\u2019\u00e9cole Sup de Luxe.<\/span><\/p>\n<p style=\"text-align: left;\"><span style=\"color: #808080;\">Maison Chanel avec \u00ab Spiderman \u00bb r\u00e9alis\u00e9 par la Maison Michel<\/span><\/p>\n<p style=\"text-align: left;\"><span style=\"color: #808080;\">PRIX \u00ab COUTURE \u00bb :<\/span><\/p>\n<p style=\"text-align: left;\"><span style=\"color: #808080;\">Maison Chanel avec \u00ab Spiderman \u00bb r\u00e9alis\u00e9 par la Maison Michel<\/span><\/p>\n<p style=\"text-align: left;\"><span style=\"color: #808080;\">PRIX MONTAIGNE \u00ab LE PLUS ORIGINAL \u00bb :<\/span><\/p>\n<p style=\"text-align: left;\"><span style=\"color: #808080;\">Maison Chanel avec \u00ab Spiderman \u00bb r\u00e9alis\u00e9 par la Maison Michel<\/span><\/p>\n<p style=\"text-align: left;\"><span style=\"color: #808080;\">PRIX DU JURY : \u00ab LE PLUS \u00c9L\u00c9GANT \u00bb :<\/span><\/p>\n<p style=\"text-align: left;\"><span style=\"color: #808080;\">Maison Ungaro avec \u00ab Capeline fleurie \u00bb<\/span><\/p>\n<p style=\"text-align: left;\"><span style=\"color: #808080;\">PRIX \u00ab COUP DE COEUR \u00bb :<\/span><\/p>\n<p style=\"text-align: left;\"><span style=\"color: #808080;\">Ecole Sup de Luxe avec \u00ab Tradition Crochet \u00bb<\/span><\/p>\n<p style=\"text-align: left;\"><span style=\"color: #808080;\">Maison Dior avec \u00ab Inspiration d\u00e9fil\u00e9 vintage 60\u2019s \u00bb<\/span><\/p>\n<p style=\"text-align: left;\"><span style=\"color: #808080;\">PRIX DU TH\u00c9\u00c2TRE \u00ab LE PLUS IMPRESSIONNANT \u00bb :<\/span><\/p>\n<p style=\"text-align: left;\"><span style=\"color: #808080;\">Maison Blanche avec \u00ab Cascade de fleurs \u00bb<\/span><\/p>\n<p style=\"text-align: left;\"><span style=\"color: #808080;\">PRIX \u00ab HAPPY CATHERINETTE \u00bb :<\/span><\/p>\n<p style=\"text-align: left;\"><span style=\"color: #808080;\">\u00c9cole Sup de Luxe avec \u00ab Cupcake \u00bb<\/span><\/p>\n<p style=\"text-align: left;\"><span style=\"color: #808080;\">LE NICOLAS :<\/span><\/p>\n<p style=\"text-align: left;\"><span style=\"color: #808080;\">Maison Chanel avec \u00ab Thor \u00bb r\u00e9alis\u00e9 par la Maison Michel<\/span><\/p>\n<p style=\"text-align: left;\"><a href=\"http:\/\/thedailycouture.com\/wp-content\/uploads\/2017\/06\/stephanie_bui_the_daily_couture.gif\"><img loading=\"lazy\" decoding=\"async\" class=\"size-full wp-image-14202 alignleft\" src=\"http:\/\/thedailycouture.com\/wp-content\/uploads\/2017\/06\/stephanie_bui_the_daily_couture.gif\" alt=\"\" width=\"488\" height=\"150\" \/><\/a><\/p>\n<p>&nbsp;<\/p>\n<p>&nbsp;<\/p>\n<p>&nbsp;<\/p>\n<p>&nbsp;<\/p>\n<p>&nbsp;<\/p>\n<pre><span style=\"color: #808080;\">@<a style=\"color: #808080;\" href=\"https:\/\/twitter.com\/thedailycouture\">thedailycouture<\/a><\/span> \r\n\r\n<span style=\"color: #808080;\">Depuis 2011, \u00e0 la demande, the Daily Couture organise\u00a0des immersions dans les Ateliers Haute Couture \u00e0 Paris travaillant pour les plus grandes maisons de mode. Envoyez-nous votre demande :\u00a0<a style=\"color: #808080;\" href=\"http:\/\/thedailycouture.com\/fr\/2018\/03\/19\/francais-tissus-innovants-japon\/mailto%20:%20info@thedailycouture.com\">info@thedailycouture.com<\/a><\/span>\u00a0\r\n\r\n<span style=\"color: #808080;\">En savoir plus, c'est par ici : Visites Ateliers Haute Couture \u00e0 Paris | Immersions Mode<\/span>\r\n\r\n <span style=\"color: #808080;\">Ils nous font confiance : ref clients<\/span><\/pre>\n<p style=\"text-align: left;\">\n","protected":false},"excerpt":{"rendered":"<p>A\u00a0 l&#8217;occasion du 25\u00e8me anniversaire du c\u00e9l\u00e8bre d\u00e9fil\u00e9 couture des Catherinettes, rassemblant les maisons de mode pour un hommage \u00e0 l&#8217;\u00e9l\u00e9gance parisienne,\u00a0 the Daily Couture s\u2019est faufil\u00e9 au milieu des 150 participants venus des maisons de couture parisiennes&#8230;! <\/p>\n","protected":false},"author":1,"featured_media":15303,"comment_status":"open","ping_status":"open","sticky":false,"template":"","format":"standard","meta":{"footnotes":""},"categories":[281],"tags":[191,249,250,248,247,53,137,79,251,297,311,323],"class_list":["post-10089","post","type-post","status-publish","format-standard","has-post-thumbnail","hentry","category-reinventer","tag-artisans","tag-atelier-couture","tag-catherinettes","tag-chanel","tag-comite-montaigne","tag-couture","tag-defile-haute-couture","tag-haute-couture","tag-maisons-de-couture","tag-stephanie-bui-2","tag-the-daily-couture-2","tag-visite-atelier-haute-couture-paris-2"],"yoast_head":"<!-- This site is optimized with the Yoast SEO plugin v27.4 - https:\/\/yoast.com\/product\/yoast-seo-wordpress\/ -->\n<title>CHANEL EN SUPER-H\u00c9ROS - The Daily Couture<\/title>\n<meta name=\"robots\" content=\"index, follow, max-snippet:-1, max-image-preview:large, max-video-preview:-1\" \/>\n<link rel=\"canonical\" href=\"https:\/\/thedailycouture.com\/francais-chanel-en-super-heros\/\" \/>\n<meta property=\"og:locale\" content=\"en_US\" \/>\n<meta property=\"og:type\" content=\"article\" \/>\n<meta property=\"og:title\" content=\"CHANEL EN SUPER-H\u00c9ROS - The Daily Couture\" \/>\n<meta property=\"og:description\" content=\"A\u00a0 l&#039;occasion du 25\u00e8me anniversaire du c\u00e9l\u00e8bre d\u00e9fil\u00e9 couture des Catherinettes, rassemblant les maisons de mode pour un hommage \u00e0 l&#039;\u00e9l\u00e9gance parisienne,\u00a0 the Daily Couture s\u2019est faufil\u00e9 au milieu des 150 participants venus des maisons de couture parisiennes...!\" \/>\n<meta property=\"og:url\" content=\"https:\/\/thedailycouture.com\/francais-chanel-en-super-heros\/\" \/>\n<meta property=\"og:site_name\" content=\"The Daily Couture\" \/>\n<meta property=\"article:publisher\" content=\"https:\/\/www.facebook.com\/TheDailyCouture\/\" \/>\n<meta property=\"article:published_time\" content=\"2014-12-07T11:00:25+00:00\" \/>\n<meta property=\"article:modified_time\" content=\"2019-03-15T12:14:01+00:00\" \/>\n<meta property=\"og:image\" content=\"https:\/\/thedailycouture.com\/wp-content\/uploads\/2014\/12\/Chanel1.gif\" \/>\n\t<meta property=\"og:image:width\" content=\"1000\" \/>\n\t<meta property=\"og:image:height\" content=\"974\" \/>\n\t<meta property=\"og:image:type\" content=\"image\/gif\" \/>\n<meta name=\"author\" content=\"The Daily Couture\" \/>\n<meta name=\"twitter:card\" content=\"summary_large_image\" \/>\n<meta name=\"twitter:creator\" content=\"@thedailycouture\" \/>\n<meta name=\"twitter:site\" content=\"@thedailycouture\" \/>\n<meta name=\"twitter:label1\" content=\"Written by\" \/>\n\t<meta name=\"twitter:data1\" content=\"The Daily Couture\" \/>\n\t<meta name=\"twitter:label2\" content=\"Est. reading time\" \/>\n\t<meta name=\"twitter:data2\" content=\"3 minutes\" \/>\n<script type=\"application\/ld+json\" class=\"yoast-schema-graph\">{\"@context\":\"https:\\\/\\\/schema.org\",\"@graph\":[{\"@type\":\"Article\",\"@id\":\"https:\\\/\\\/thedailycouture.com\\\/francais-chanel-en-super-heros\\\/#article\",\"isPartOf\":{\"@id\":\"https:\\\/\\\/thedailycouture.com\\\/francais-chanel-en-super-heros\\\/\"},\"author\":{\"name\":\"The Daily Couture\",\"@id\":\"https:\\\/\\\/thedailycouture.com\\\/#\\\/schema\\\/person\\\/cb0e442ced5f1118e047c150e89ce069\"},\"headline\":\"CHANEL EN SUPER-H\u00c9ROS\",\"datePublished\":\"2014-12-07T11:00:25+00:00\",\"dateModified\":\"2019-03-15T12:14:01+00:00\",\"mainEntityOfPage\":{\"@id\":\"https:\\\/\\\/thedailycouture.com\\\/francais-chanel-en-super-heros\\\/\"},\"wordCount\":585,\"commentCount\":0,\"publisher\":{\"@id\":\"https:\\\/\\\/thedailycouture.com\\\/#organization\"},\"image\":{\"@id\":\"https:\\\/\\\/thedailycouture.com\\\/francais-chanel-en-super-heros\\\/#primaryimage\"},\"thumbnailUrl\":\"https:\\\/\\\/thedailycouture.com\\\/wp-content\\\/uploads\\\/2014\\\/12\\\/Chanel1.gif\",\"keywords\":[\"artisans\",\"atelier couture\",\"catherinettes\",\"chanel\",\"comit\u00e9 montaigne\",\"couture\",\"d\u00e9fil\u00e9 haute couture\",\"haute couture\",\"maisons de couture\",\"st\u00e9phanie bui\",\"the daily couture\",\"visite atelier haute couture paris\"],\"articleSection\":[\"R\u00e9inventer\"],\"inLanguage\":\"en-US\",\"potentialAction\":[{\"@type\":\"CommentAction\",\"name\":\"Comment\",\"target\":[\"https:\\\/\\\/thedailycouture.com\\\/francais-chanel-en-super-heros\\\/#respond\"]}]},{\"@type\":\"WebPage\",\"@id\":\"https:\\\/\\\/thedailycouture.com\\\/francais-chanel-en-super-heros\\\/\",\"url\":\"https:\\\/\\\/thedailycouture.com\\\/francais-chanel-en-super-heros\\\/\",\"name\":\"CHANEL EN SUPER-H\u00c9ROS - The Daily Couture\",\"isPartOf\":{\"@id\":\"https:\\\/\\\/thedailycouture.com\\\/#website\"},\"primaryImageOfPage\":{\"@id\":\"https:\\\/\\\/thedailycouture.com\\\/francais-chanel-en-super-heros\\\/#primaryimage\"},\"image\":{\"@id\":\"https:\\\/\\\/thedailycouture.com\\\/francais-chanel-en-super-heros\\\/#primaryimage\"},\"thumbnailUrl\":\"https:\\\/\\\/thedailycouture.com\\\/wp-content\\\/uploads\\\/2014\\\/12\\\/Chanel1.gif\",\"datePublished\":\"2014-12-07T11:00:25+00:00\",\"dateModified\":\"2019-03-15T12:14:01+00:00\",\"breadcrumb\":{\"@id\":\"https:\\\/\\\/thedailycouture.com\\\/francais-chanel-en-super-heros\\\/#breadcrumb\"},\"inLanguage\":\"en-US\",\"potentialAction\":[{\"@type\":\"ReadAction\",\"target\":[\"https:\\\/\\\/thedailycouture.com\\\/francais-chanel-en-super-heros\\\/\"]}]},{\"@type\":\"ImageObject\",\"inLanguage\":\"en-US\",\"@id\":\"https:\\\/\\\/thedailycouture.com\\\/francais-chanel-en-super-heros\\\/#primaryimage\",\"url\":\"https:\\\/\\\/thedailycouture.com\\\/wp-content\\\/uploads\\\/2014\\\/12\\\/Chanel1.gif\",\"contentUrl\":\"https:\\\/\\\/thedailycouture.com\\\/wp-content\\\/uploads\\\/2014\\\/12\\\/Chanel1.gif\",\"width\":1000,\"height\":974},{\"@type\":\"BreadcrumbList\",\"@id\":\"https:\\\/\\\/thedailycouture.com\\\/francais-chanel-en-super-heros\\\/#breadcrumb\",\"itemListElement\":[{\"@type\":\"ListItem\",\"position\":1,\"name\":\"Accueil\",\"item\":\"https:\\\/\\\/thedailycouture.com\\\/en\\\/\"},{\"@type\":\"ListItem\",\"position\":2,\"name\":\"CHANEL EN SUPER-H\u00c9ROS\"}]},{\"@type\":\"WebSite\",\"@id\":\"https:\\\/\\\/thedailycouture.com\\\/#website\",\"url\":\"https:\\\/\\\/thedailycouture.com\\\/\",\"name\":\"The Daily Couture\",\"description\":\"Haute Couture workshops tours in Paris by a fashion journalist\",\"publisher\":{\"@id\":\"https:\\\/\\\/thedailycouture.com\\\/#organization\"},\"potentialAction\":[{\"@type\":\"SearchAction\",\"target\":{\"@type\":\"EntryPoint\",\"urlTemplate\":\"https:\\\/\\\/thedailycouture.com\\\/?s={search_term_string}\"},\"query-input\":{\"@type\":\"PropertyValueSpecification\",\"valueRequired\":true,\"valueName\":\"search_term_string\"}}],\"inLanguage\":\"en-US\"},{\"@type\":\"Organization\",\"@id\":\"https:\\\/\\\/thedailycouture.com\\\/#organization\",\"name\":\"The Daily Couture | Eloge des Arts du Faire | Sp\u00e9cialiste des Visites d'Ateliers Haute Couture Paris\",\"url\":\"https:\\\/\\\/thedailycouture.com\\\/\",\"logo\":{\"@type\":\"ImageObject\",\"inLanguage\":\"en-US\",\"@id\":\"https:\\\/\\\/thedailycouture.com\\\/#\\\/schema\\\/logo\\\/image\\\/\",\"url\":\"https:\\\/\\\/thedailycouture.com\\\/wp-content\\\/uploads\\\/2011\\\/11\\\/cropped-Dailycouture.gif\",\"contentUrl\":\"https:\\\/\\\/thedailycouture.com\\\/wp-content\\\/uploads\\\/2011\\\/11\\\/cropped-Dailycouture.gif\",\"width\":512,\"height\":512,\"caption\":\"The Daily Couture | Eloge des Arts du Faire | Sp\u00e9cialiste des Visites d'Ateliers Haute Couture Paris\"},\"image\":{\"@id\":\"https:\\\/\\\/thedailycouture.com\\\/#\\\/schema\\\/logo\\\/image\\\/\"},\"sameAs\":[\"https:\\\/\\\/www.facebook.com\\\/TheDailyCouture\\\/\",\"https:\\\/\\\/x.com\\\/thedailycouture\",\"https:\\\/\\\/www.instagram.com\\\/thedailycouture\\\/?hl=fr\",\"https:\\\/\\\/www.youtube.com\\\/user\\\/TheDailyCoutureParis\"]},{\"@type\":\"Person\",\"@id\":\"https:\\\/\\\/thedailycouture.com\\\/#\\\/schema\\\/person\\\/cb0e442ced5f1118e047c150e89ce069\",\"name\":\"The Daily Couture\"}]}<\/script>\n<!-- \/ Yoast SEO plugin. -->","yoast_head_json":{"title":"CHANEL EN SUPER-H\u00c9ROS - The Daily Couture","robots":{"index":"index","follow":"follow","max-snippet":"max-snippet:-1","max-image-preview":"max-image-preview:large","max-video-preview":"max-video-preview:-1"},"canonical":"https:\/\/thedailycouture.com\/francais-chanel-en-super-heros\/","og_locale":"en_US","og_type":"article","og_title":"CHANEL EN SUPER-H\u00c9ROS - The Daily Couture","og_description":"A\u00a0 l'occasion du 25\u00e8me anniversaire du c\u00e9l\u00e8bre d\u00e9fil\u00e9 couture des Catherinettes, rassemblant les maisons de mode pour un hommage \u00e0 l'\u00e9l\u00e9gance parisienne,\u00a0 the Daily Couture s\u2019est faufil\u00e9 au milieu des 150 participants venus des maisons de couture parisiennes...!","og_url":"https:\/\/thedailycouture.com\/francais-chanel-en-super-heros\/","og_site_name":"The Daily Couture","article_publisher":"https:\/\/www.facebook.com\/TheDailyCouture\/","article_published_time":"2014-12-07T11:00:25+00:00","article_modified_time":"2019-03-15T12:14:01+00:00","og_image":[{"width":1000,"height":974,"url":"https:\/\/thedailycouture.com\/wp-content\/uploads\/2014\/12\/Chanel1.gif","type":"image\/gif"}],"author":"The Daily Couture","twitter_card":"summary_large_image","twitter_creator":"@thedailycouture","twitter_site":"@thedailycouture","twitter_misc":{"Written by":"The Daily Couture","Est. reading time":"3 minutes"},"schema":{"@context":"https:\/\/schema.org","@graph":[{"@type":"Article","@id":"https:\/\/thedailycouture.com\/francais-chanel-en-super-heros\/#article","isPartOf":{"@id":"https:\/\/thedailycouture.com\/francais-chanel-en-super-heros\/"},"author":{"name":"The Daily Couture","@id":"https:\/\/thedailycouture.com\/#\/schema\/person\/cb0e442ced5f1118e047c150e89ce069"},"headline":"CHANEL EN SUPER-H\u00c9ROS","datePublished":"2014-12-07T11:00:25+00:00","dateModified":"2019-03-15T12:14:01+00:00","mainEntityOfPage":{"@id":"https:\/\/thedailycouture.com\/francais-chanel-en-super-heros\/"},"wordCount":585,"commentCount":0,"publisher":{"@id":"https:\/\/thedailycouture.com\/#organization"},"image":{"@id":"https:\/\/thedailycouture.com\/francais-chanel-en-super-heros\/#primaryimage"},"thumbnailUrl":"https:\/\/thedailycouture.com\/wp-content\/uploads\/2014\/12\/Chanel1.gif","keywords":["artisans","atelier couture","catherinettes","chanel","comit\u00e9 montaigne","couture","d\u00e9fil\u00e9 haute couture","haute couture","maisons de couture","st\u00e9phanie bui","the daily couture","visite atelier haute couture paris"],"articleSection":["R\u00e9inventer"],"inLanguage":"en-US","potentialAction":[{"@type":"CommentAction","name":"Comment","target":["https:\/\/thedailycouture.com\/francais-chanel-en-super-heros\/#respond"]}]},{"@type":"WebPage","@id":"https:\/\/thedailycouture.com\/francais-chanel-en-super-heros\/","url":"https:\/\/thedailycouture.com\/francais-chanel-en-super-heros\/","name":"CHANEL EN SUPER-H\u00c9ROS - The Daily Couture","isPartOf":{"@id":"https:\/\/thedailycouture.com\/#website"},"primaryImageOfPage":{"@id":"https:\/\/thedailycouture.com\/francais-chanel-en-super-heros\/#primaryimage"},"image":{"@id":"https:\/\/thedailycouture.com\/francais-chanel-en-super-heros\/#primaryimage"},"thumbnailUrl":"https:\/\/thedailycouture.com\/wp-content\/uploads\/2014\/12\/Chanel1.gif","datePublished":"2014-12-07T11:00:25+00:00","dateModified":"2019-03-15T12:14:01+00:00","breadcrumb":{"@id":"https:\/\/thedailycouture.com\/francais-chanel-en-super-heros\/#breadcrumb"},"inLanguage":"en-US","potentialAction":[{"@type":"ReadAction","target":["https:\/\/thedailycouture.com\/francais-chanel-en-super-heros\/"]}]},{"@type":"ImageObject","inLanguage":"en-US","@id":"https:\/\/thedailycouture.com\/francais-chanel-en-super-heros\/#primaryimage","url":"https:\/\/thedailycouture.com\/wp-content\/uploads\/2014\/12\/Chanel1.gif","contentUrl":"https:\/\/thedailycouture.com\/wp-content\/uploads\/2014\/12\/Chanel1.gif","width":1000,"height":974},{"@type":"BreadcrumbList","@id":"https:\/\/thedailycouture.com\/francais-chanel-en-super-heros\/#breadcrumb","itemListElement":[{"@type":"ListItem","position":1,"name":"Accueil","item":"https:\/\/thedailycouture.com\/en\/"},{"@type":"ListItem","position":2,"name":"CHANEL EN SUPER-H\u00c9ROS"}]},{"@type":"WebSite","@id":"https:\/\/thedailycouture.com\/#website","url":"https:\/\/thedailycouture.com\/","name":"The Daily Couture","description":"Haute Couture workshops tours in Paris by a fashion journalist","publisher":{"@id":"https:\/\/thedailycouture.com\/#organization"},"potentialAction":[{"@type":"SearchAction","target":{"@type":"EntryPoint","urlTemplate":"https:\/\/thedailycouture.com\/?s={search_term_string}"},"query-input":{"@type":"PropertyValueSpecification","valueRequired":true,"valueName":"search_term_string"}}],"inLanguage":"en-US"},{"@type":"Organization","@id":"https:\/\/thedailycouture.com\/#organization","name":"The Daily Couture | Eloge des Arts du Faire | Sp\u00e9cialiste des Visites d'Ateliers Haute Couture Paris","url":"https:\/\/thedailycouture.com\/","logo":{"@type":"ImageObject","inLanguage":"en-US","@id":"https:\/\/thedailycouture.com\/#\/schema\/logo\/image\/","url":"https:\/\/thedailycouture.com\/wp-content\/uploads\/2011\/11\/cropped-Dailycouture.gif","contentUrl":"https:\/\/thedailycouture.com\/wp-content\/uploads\/2011\/11\/cropped-Dailycouture.gif","width":512,"height":512,"caption":"The Daily Couture | Eloge des Arts du Faire | Sp\u00e9cialiste des Visites d'Ateliers Haute Couture Paris"},"image":{"@id":"https:\/\/thedailycouture.com\/#\/schema\/logo\/image\/"},"sameAs":["https:\/\/www.facebook.com\/TheDailyCouture\/","https:\/\/x.com\/thedailycouture","https:\/\/www.instagram.com\/thedailycouture\/?hl=fr","https:\/\/www.youtube.com\/user\/TheDailyCoutureParis"]},{"@type":"Person","@id":"https:\/\/thedailycouture.com\/#\/schema\/person\/cb0e442ced5f1118e047c150e89ce069","name":"The Daily Couture"}]}},"_links":{"self":[{"href":"https:\/\/thedailycouture.com\/en\/wp-json\/wp\/v2\/posts\/10089","targetHints":{"allow":["GET"]}}],"collection":[{"href":"https:\/\/thedailycouture.com\/en\/wp-json\/wp\/v2\/posts"}],"about":[{"href":"https:\/\/thedailycouture.com\/en\/wp-json\/wp\/v2\/types\/post"}],"author":[{"embeddable":true,"href":"https:\/\/thedailycouture.com\/en\/wp-json\/wp\/v2\/users\/1"}],"replies":[{"embeddable":true,"href":"https:\/\/thedailycouture.com\/en\/wp-json\/wp\/v2\/comments?post=10089"}],"version-history":[{"count":42,"href":"https:\/\/thedailycouture.com\/en\/wp-json\/wp\/v2\/posts\/10089\/revisions"}],"predecessor-version":[{"id":15692,"href":"https:\/\/thedailycouture.com\/en\/wp-json\/wp\/v2\/posts\/10089\/revisions\/15692"}],"wp:featuredmedia":[{"embeddable":true,"href":"https:\/\/thedailycouture.com\/en\/wp-json\/wp\/v2\/media\/15303"}],"wp:attachment":[{"href":"https:\/\/thedailycouture.com\/en\/wp-json\/wp\/v2\/media?parent=10089"}],"wp:term":[{"taxonomy":"category","embeddable":true,"href":"https:\/\/thedailycouture.com\/en\/wp-json\/wp\/v2\/categories?post=10089"},{"taxonomy":"post_tag","embeddable":true,"href":"https:\/\/thedailycouture.com\/en\/wp-json\/wp\/v2\/tags?post=10089"}],"curies":[{"name":"wp","href":"https:\/\/api.w.org\/{rel}","templated":true}]}}