{"id":6517,"date":"2012-03-30T20:00:56","date_gmt":"2012-03-30T18:00:56","guid":{"rendered":"http:\/\/thedailycouture.com\/?p=6517"},"modified":"2019-03-15T17:04:46","modified_gmt":"2019-03-15T16:04:46","slug":"francais-chapeaux-a-histoires","status":"publish","type":"post","link":"https:\/\/thedailycouture.com\/en\/francais-chapeaux-a-histoires\/","title":{"rendered":"CHAPEAUX \u00c0 HISTOIRES FABRIQU\u00c9S EN FRANCE"},"content":{"rendered":"<p style=\"text-align: left;\"><strong><span style=\"color: #000000;\">C&#8217;est une histoire de mode fond\u00e9e sur un savoir-faire et des convictions \u00e0 d\u00e9fendre, celle de C\u00e9line Robert que The Daily Couture souhaite mettre en lumi\u00e8re au moment o\u00f9 les m\u00e9tiers d\u2019art sont mis \u00e0 l\u2019honneur, pour la premi\u00e8re fois au niveau europ\u00e9en, avec les Journ\u00e9es Europ\u00e9ennes des M\u00e9tiers d\u2019Art 2012, ces 30 &#8211; 31 mars et 1<sup>er<\/sup> avril.<\/span><\/strong><\/p>\n<figure id=\"attachment_6636\" aria-describedby=\"caption-attachment-6636\" style=\"width: 600px\" class=\"wp-caption aligncenter\"><img loading=\"lazy\" decoding=\"async\" class=\"size-full wp-image-6636\" title=\"Structure en r\u00e9sine par C\u00e9line Robert, modiste cr\u00e9atrice\" src=\"http:\/\/thedailycouture.com\/wp-content\/uploads\/2012\/03\/chapeau-madeinfrance.gif\" alt=\"modiste chapeau made in france daily couture\" width=\"600\" height=\"800\" srcset=\"https:\/\/thedailycouture.com\/wp-content\/uploads\/2012\/03\/chapeau-madeinfrance.gif 600w, https:\/\/thedailycouture.com\/wp-content\/uploads\/2012\/03\/chapeau-madeinfrance-250x333.gif 250w, https:\/\/thedailycouture.com\/wp-content\/uploads\/2012\/03\/chapeau-madeinfrance-300x400.gif 300w\" sizes=\"auto, (max-width: 709px) 85vw, (max-width: 909px) 67vw, (max-width: 984px) 61vw, (max-width: 1362px) 45vw, 600px\" \/><figcaption id=\"caption-attachment-6636\" class=\"wp-caption-text\"><span style=\"color: #808080;\">Structure en r\u00e9sine par C\u00e9line Robert, cr\u00e9atrice modiste<\/span><\/figcaption><\/figure>\n<h4 style=\"text-align: left;\"><span style=\"color: #000000;\">UNE HISTOIRE DE CHAPEAUX MADE IN FRANCE<\/span><\/h4>\n<p style=\"text-align: left;\"><strong><span style=\"color: #000000;\">C\u00e9line Robert Chapeaux, la marque de mode labellis\u00e9e Entreprise Patrimoine Vivant en 2011, se d\u00e9ploiera \u00e0 l\u2019international d\u2019ici 2016. A l\u2019heure o\u00f9 le gouvernement fran\u00e7ais et de nombreux professionnels de la mode et du luxe s\u2019emparent \u00e0 bras le corps de la question de la pr\u00e9servation des savoir-faire des m\u00e9tiers d\u2019art au c\u0153ur d\u2019un luxe fran\u00e7ais qui ne connait pas la crise, mais pourrait bien la connaitre, un jour, si la fabrication venait \u00e0 dispara\u00eetre, la vision de cette cr\u00e9atrice modiste attach\u00e9e \u00e0 son m\u00e9tier et au made in France nous emm\u00e8ne dans les coulisses de la cr\u00e9ation artisanal de chapeaux. Pour The Daily Couture, rencontre avec C\u00e9line Robert \u00e0 l\u2019occasion de l\u2019inauguration de sa nouvelle boutique parisienne situ\u00e9e dans la Galerie Vivienne.<\/span><\/strong><\/p>\n<p style=\"text-align: left;\"><span style=\"color: #808080;\"> <img loading=\"lazy\" decoding=\"async\" class=\"size-medium wp-image-6620 alignnone\" src=\"http:\/\/thedailycouture.com\/wp-content\/uploads\/2012\/03\/chapeaux-madeinfrance2-267x400.jpg\" alt=\"\" width=\"300\" height=\"452\" \/><img loading=\"lazy\" decoding=\"async\" class=\"alignnone size-medium wp-image-6638\" src=\"http:\/\/thedailycouture.com\/wp-content\/uploads\/2012\/03\/chapeaux-madeinfrance11-267x400.jpg\" alt=\"\" width=\"300\" height=\"452\" \/><\/span><\/p>\n<p style=\"text-align: left;\"><span style=\"color: #808080;\">Vous avez \u00e9t\u00e9 sensibilis\u00e9e au m\u00e9tier artisanal de la chapellerie et \u00e0 la cr\u00e9ation par votre famille dont l\u2019activit\u00e9 li\u00e9e aux savoir-faire de modiste remonte \u00e0 1905\u2026<\/span><\/p>\n<p style=\"text-align: left;\"><span style=\"color: #808080;\">CR : Mes grand parents paternels \u00e9taient modistes. Par ma m\u00e8re c\u00e9ramiste, j\u2019ai \u00e9t\u00e9 sensibilis\u00e9e au modelage et \u00e0 la mati\u00e8re. \u00a0Ma grand-m\u00e8re maternelle a, elle, obtenu le\u00a0 Prix de Rome en gravure aux Beaux-Arts, et j\u2019ai moi-m\u00eame \u00e9t\u00e9 aux Beaux-Arts en sculpture.<\/span><\/p>\n<p style=\"text-align: left;\"><span style=\"color: #808080;\">Vous avez \u00e9t\u00e9 r\u00e9compens\u00e9e pour votre action dans la formation \u00e0 votre m\u00e9tier de modiste, en 2010, par le prix du meilleur recruteur dans la cat\u00e9gorie Revenu de Solidarit\u00e9 Active d\u00e9cern\u00e9 par l\u2019agence Cap Cr\u00e9ation Sarthe pour votre partenariat avec le chantier d\u2019insertion AFIC Cr\u00e9afibres\u2026 <\/span><\/p>\n<p style=\"text-align: left;\"><span style=\"color: #808080;\">CR : C\u2019est important d\u2019avoir une action quand on peut l\u2019avoir, ce qui est possible avec nos m\u00e9tiers de la couture. On a embauch\u00e9 deux femmes venant des chantiers d\u2019insertion sachant qu\u2019il y a tr\u00e8s peu de femmes dans ces structures.\u00a0 Nous souhaitons poursuivre la formation des femmes dans le cadre de ces chantiers d&#8217;insertion afin de les embaucher.\u00a0 Ils sont un peu comme nos bureaux de recrutement. A terme, ce serait bien d\u2019avoir 15 couturi\u00e8res au lieu des 6 d\u2019aujourd\u2019hui.<\/span><\/p>\n<p style=\"text-align: left;\"><span style=\"color: #808080;\">Il y a pourtant quelques \u00e9coles qui forment aux m\u00e9tiers de modiste\u2026<\/span><\/p>\n<p style=\"text-align: left;\"><span style=\"color: #808080;\">CR : Tr\u00e8s peu d\u2019\u00e9coles forment au m\u00e9tier de modiste et les \u00e9l\u00e8ves veulent surtout s\u2019installer \u00e0 leur compte et non int\u00e9grer un atelier. Par ailleurs, c\u2019est un m\u00e9tier qui demande des comp\u00e9tences, bien s\u00fbr,\u00a0 mais aussi et surtout un travail sur l\u2019identit\u00e9 de la cr\u00e9ation, avec une approche artistique sur la forme, le volume et la cr\u00e9ation de collections que les formations actuelles n\u2019offrent pas.\u00a0 En France, nous sommes face \u00e0 la probl\u00e9matique d\u2019un cloisonnement entre les formations.\u00a0 Au niveau de la formation, on n\u2019apprend pas \u00e0 faire de la couture aux beaux-arts comme en Belgique ou en Angleterre.\u00a0 Cela pose probl\u00e8me. D\u2019apr\u00e8s moi, l\u00e0 o\u00f9 il faut travailler plus en amont pour d\u00e9fendre ces m\u00e9tiers d\u2019art,\u00a0 c\u2019est au niveau de la formation pour y mettre une exigence intellectuelle et artistique. Comment r\u00e9fl\u00e9chir \u00e0 un engagement artistique\u00a0? Comment s\u2019engager sur une notion d\u2019inventivit\u00e9 ouverte\u00a0? Comment r\u00e9fl\u00e9chir au concept\u00a0?<\/span><\/p>\n<p style=\"text-align: left;\"><span style=\"color: #808080;\"><img loading=\"lazy\" decoding=\"async\" class=\"aligncenter size-full wp-image-6611\" src=\"http:\/\/thedailycouture.com\/wp-content\/uploads\/2012\/03\/chapeau4.gif\" alt=\"\" width=\"500\" height=\"657\" srcset=\"https:\/\/thedailycouture.com\/wp-content\/uploads\/2012\/03\/chapeau4.gif 500w, https:\/\/thedailycouture.com\/wp-content\/uploads\/2012\/03\/chapeau4-250x328.gif 250w, https:\/\/thedailycouture.com\/wp-content\/uploads\/2012\/03\/chapeau4-304x400.gif 304w\" sizes=\"auto, (max-width: 500px) 85vw, 500px\" \/><\/span><\/p>\n<p style=\"text-align: left;\"><span style=\"color: #808080;\">Parlez-nous de votre approche de la cr\u00e9ation, vous avez fait les Beaux-Arts \u00e0 Paris dans la section sculpture et vous aimez dire\u00a0: \u00ab Ce qui m\u2019int\u00e9resse, c\u2019est la lumi\u00e8re qu\u2019un chapeau apporte \u00e0 un visage, un \u00e9clairage sur la singularit\u00e9 de la personne, une mise en identit\u00e9 \u00bb\u2026<\/span><\/p>\n<p style=\"text-align: left;\"><span style=\"color: #808080;\">CR : C\u2019est une cueillette permanente sur tout ce que je peux voir\u00a0: comment est mont\u00e9e une chaise\u00a0? Comment est construit un b\u00e2timent\u00a0? Je suis attentive \u00e0 l\u2019esth\u00e9tisme culinaire, aux rapports de couleurs, des formes et aux mati\u00e8res qui me r\u00e9pondent comme la fibre de buntal (provient d\u2019un palmier aux larges feuilles), l&#8217;abaca (appel\u00e9 \u00ab chanvre de Manille \u00bb provenant d\u2019une esp\u00e8ce end\u00e9mique de bananier originaire des Philippines), la r\u00e9sine polyester et le feutre taup\u00e9 (feutre de poils de li\u00e8vre ou de lapin).<\/span><span style=\"color: #808080;\">Quant \u00e0 mon inspiration artistique, j\u2019aime tout particuli\u00e8rement\u00a0 le travail de Sonia Delaunay et de Toni Grand, les volumes de Donald Judd et\u00a0l\u2019abstraction des toiles de Soulages.\u00a0<\/span><span style=\"color: #808080;\">N\u00e9anmoins aujourd\u2019hui, le travail cr\u00e9atif r\u00e9side aussi dans l\u2019invention des mati\u00e8res puisque les modistes ont les 3 m\u00eames importateurs qui fournissent les m\u00eames mati\u00e8res \u00e0 tous\u2026.<\/span><\/p>\n<p style=\"text-align: left;\"><span style=\"color: #808080;\">Pourtant le secteur du textile est tr\u00e8s innovant avec de nouvelles mati\u00e8res toujours plus performantes cr\u00e9\u00e9es\u2026<\/span><\/p>\n<p style=\"text-align: left;\"><span style=\"color: #808080;\">CR : Mais cela rentre tr\u00e8s peu dans le cadre des m\u00e9tiers comme les chapeaux, c\u2019est \u00e0 nous d\u2019aller chercher par nous-m\u00eame ces mati\u00e8res nouvelles.\u00a0 Nous sommes aussi amen\u00e9s \u00e0 faire de la recherche pour cr\u00e9er des mati\u00e8res textile en fonction des formes nouvelles que nous voulons cr\u00e9er. Il faut inventer les constructions de mati\u00e8res parce que nous avons des probl\u00e8mes de renouvellement \u00e0 ce sujet. Aussi nous arrive-t-il d\u2019avoir des mati\u00e8res qui sont sujet \u00e0 des approvisionnements irr\u00e9guliers. Par exemple, la fibre de cactus provenant des Philippines et dont l\u2019approvisionnement est\u00a0 soumis aux conditions climatiques, et parfois aux typhons. Il nous arrive d\u2019avoir des ruptures de stock de mati\u00e8res.\u00a0 C\u2019est d\u2019autant plus ennuyeux que c\u2019est une des mati\u00e8res de base de mes collections et c\u2019est une fibre que j\u2019adore car elle a de la r\u00e9sistance, du chic et du r\u00e9pondant.\u00a0 Faire ce travail de recherche sur de nouvelles mati\u00e8res permet aussi d\u2019\u00e9chapper \u00e0 la copie et de renouveler la mode.<\/span><\/p>\n<p style=\"text-align: left;\"><span style=\"color: #808080;\"><img loading=\"lazy\" decoding=\"async\" class=\"aligncenter size-full wp-image-6613\" src=\"http:\/\/thedailycouture.com\/wp-content\/uploads\/2012\/03\/02.jpg\" alt=\"\" width=\"500\" height=\"787\" srcset=\"https:\/\/thedailycouture.com\/wp-content\/uploads\/2012\/03\/02.jpg 500w, https:\/\/thedailycouture.com\/wp-content\/uploads\/2012\/03\/02-222x350.jpg 222w, https:\/\/thedailycouture.com\/wp-content\/uploads\/2012\/03\/02-254x400.jpg 254w\" sizes=\"auto, (max-width: 500px) 85vw, 500px\" \/><\/span><\/p>\n<p style=\"text-align: left;\"><span style=\"color: #808080;\">Vous faisiez partie des personnes invit\u00e9es \u00e0 poser une question au Pr\u00e9sident Sarkozy lors de l\u2019\u00e9mission Paroles de Candidat sur TF1, comment cela s\u2019est-il organis\u00e9\u00a0? Qu\u2019avez-vous pens\u00e9 de la r\u00e9ponse du Pr\u00e9sident \u00e0 votre inqui\u00e9tude sur la disparition des m\u00e9tiers artisanaux en France\u00a0?<\/span><\/p>\n<p style=\"text-align: left;\"><span style=\"color: #808080;\">CR : J\u2019ai \u00e9t\u00e9 appel\u00e9e par TF1 qui a invit\u00e9 des personnes ayant fait l\u2019objet\u00a0 de reportages sur TF1 au cours de l\u2019ann\u00e9e. \u00a0En d\u00e9cembre dernier, j\u2019\u00e9tais apparue dans un reportage dans le cadre de la remise de l\u2019International Microfinance Award d\u00e9cern\u00e9e par Plan\u00e8te Finance \u00a0(pour son action de formation de femmes\u00a0 issues des chantiers d\u2019insertion et devenus couturi\u00e8res dans sa soci\u00e9t\u00e9). Pour ma participation \u00e0 cette \u00e9mission, je voulais savoir ce que l\u2019\u00e9tat faisait aujourd\u2019hui pour soutenir les emplois dans les entreprises dont la valeur ajout\u00e9e est le savoir-faire d\u2019excellence. Mais nous n\u2019avons pas eu la r\u00e9ponse. Et aujourd\u2019hui, notamment dans la fili\u00e8re textile, ce fut tr\u00e8s clair : c\u2019est une \u00ab\u00a0fili\u00e8re sacrifi\u00e9e\u00a0\u00bb. Que cela\u00a0 soit un fait acquis et accept\u00e9 de la sorte est grave parce que la fili\u00e8re g\u00e9n\u00e8re encore beaucoup d\u2019emplois, m\u00eame\u00a0 si on sait \u00a0bien que la fili\u00e8re textile est sacrifi\u00e9e depuis l\u2019ouverture des quotas et des fronti\u00e8res. L\u2019\u00e9tat fran\u00e7ais ne donne m\u00eame pas 10% de ses commandes en confection \u00e0 l\u2019industrie fran\u00e7aise.\u00a0 Le Pr\u00e9sident a mentionn\u00e9 que ce n\u2019\u00e9tait pas une question fran\u00e7aise mais europ\u00e9enne et qu\u2019il \u00e9tait question de cr\u00e9er un Business Act au niveau Europ\u00e9en. Je ne suis pas protectionniste. Cela dit, un tel Business Act n\u2019assurerait pas la pr\u00e9servation du travail des fa\u00e7onniers fran\u00e7ais. Cela donnerait du travail aux fa\u00e7onniers europ\u00e9ens plus concurrentiels au niveau des salaires.<\/span><\/p>\n<p style=\"text-align: left;\"><span style=\"color: #808080;\">Que pensez-vous de la fa\u00e7on dont la situation des employ\u00e9s de Lejaby s\u2019est r\u00e9solue\u00a0?<\/span><\/p>\n<p style=\"text-align: left;\"><span style=\"color: #808080;\">CR : Les employ\u00e9es de Lejaby sont corseti\u00e8res \u00a0\u00e0 la base.\u00a0 Je consid\u00e8re que ce fut un effet d\u2019annonce pour faire croire qu\u2019on s\u2019occupe de la situation. Dans un premier temps, Lejaby est constitu\u00e9 de trois sites et non d\u2019un seul. Et ce n\u2019est pas comme cela qu\u2019on d\u00e9fend les savoir-faire\u00a0: en emmenant le personnel vers une formation autre que celle o\u00f9 il est d\u00e9j\u00e0 performant.<\/span><\/p>\n<p style=\"text-align: left;\"><span style=\"color: #808080;\">On a sauv\u00e9 des emplois, mais pas un savoir-faire, selon vous.<\/span><\/p>\n<p style=\"text-align: left;\"><span style=\"color: #808080;\">CR : Mais cela a permis, comme tout ce qui est m\u00e9diatique, de prendre conscience de l\u2019existence de telles entreprises et des difficult\u00e9s qu\u2019elles traversent. Si cela pouvait faire prendre conscience du prix de la fabrication en France, ce serait un premier pas, mais j\u2019en doute.<\/span><\/p>\n<p style=\"text-align: left;\"><span style=\"color: #808080;\">Comment travaillez-vous avec les organisations professionnelles de la mode\u00a0?<\/span><\/p>\n<p style=\"text-align: left;\"><span style=\"color: #808080;\">CR : Je suis engag\u00e9e dans plusieurs f\u00e9d\u00e9rations comme le syndicat national de la chapellerie et Mode Grand Ouest (l\u2019organisation professionnelle territoriale la plus importante en nombre d\u2019adh\u00e9rents et en poids \u00e9conomique aupr\u00e8s des principales f\u00e9d\u00e9rations nationales de la profession)\u00a0 Je suis le r\u00e9f\u00e9rent cr\u00e9ateur pour eux. C\u2019est tr\u00e8s important d\u2019avoir un engagement et de se constituer en groupe. C\u2019est important de se professionnaliser afin de r\u00e9soudre ensemble les m\u00eames probl\u00e8mes organisationnels de montage de collection, de rentabilit\u00e9, et la difficult\u00e9 de trouver du personnel qualifi\u00e9. L\u2019une des initiatives consiste \u00e0 soutenir des bin\u00f4mes cr\u00e9ateurs et fa\u00e7onniers qui se seront trouv\u00e9s. On les aide pour la cr\u00e9ation d\u2019une collection et la commercialisation. C\u2019est une fa\u00e7on de rem\u00e9dier \u00e0 la d\u00e9localisation de la production. Aux bin\u00f4mes donc de se trouver, de monter un dossier et de passer devant une commissions et un jury.\u00a0 Ce type d\u2019initiative s\u2019av\u00e8re pertinente pour nous qui souhaitons travailler sur des collections de produits compl\u00e9mentaires comme des \u00e9toles et \u00e9charpes et qui exigent de faire appel \u00e0 des savoir-faire autres que les n\u00f4tres. Je crois en la mutualisation des comp\u00e9tences et au pouvoir d\u2019agir ensemble.<\/span><\/p>\n<p style=\"text-align: left;\"><span style=\"color: #808080;\"><img loading=\"lazy\" decoding=\"async\" class=\"aligncenter size-full wp-image-6625\" src=\"http:\/\/thedailycouture.com\/wp-content\/uploads\/2012\/03\/071.jpg\" alt=\"\" width=\"500\" height=\"762\" srcset=\"https:\/\/thedailycouture.com\/wp-content\/uploads\/2012\/03\/071.jpg 500w, https:\/\/thedailycouture.com\/wp-content\/uploads\/2012\/03\/071-229x350.jpg 229w, https:\/\/thedailycouture.com\/wp-content\/uploads\/2012\/03\/071-262x400.jpg 262w\" sizes=\"auto, (max-width: 500px) 85vw, 500px\" \/><\/span><\/p>\n<p style=\"text-align: left;\"><span style=\"color: #808080;\">Vous avez travaill\u00e9 avec des couturiers ?<\/span><\/p>\n<p style=\"text-align: left;\"><span style=\"color: #808080;\">CR : En 1990, j\u2019avais pr\u00eat\u00e9 des structures en r\u00e9sine polyester pour le d\u00e9fil\u00e9 de Paco Rabanne. Ces structures sont le r\u00e9sultat de recherches qui nourrissent la cr\u00e9ation des collections. J\u2019aime le c\u00f4t\u00e9 architectur\u00e9es des formes. Mais l\u00e0 o\u00f9 c\u2019est compliqu\u00e9 de travailler pour les couturiers en tant que chapeau, c\u2019est qu\u2019on est accessoire, on n\u2019est pas en autonomie de cr\u00e9ation. Comme pour les concerts mettant en avant le petit jeune qui d\u00e9marre en premi\u00e8re partie, j\u2019aimerais d\u00e9fendre l\u2019id\u00e9e de faire des d\u00e9fil\u00e9s avant les d\u00e9fil\u00e9s. Parce que si le chapeau est trop fort, il prend toute la place.<\/span><\/p>\n<p style=\"text-align: left;\"><span style=\"color: #808080;\">Parlons enfin de la fa\u00e7on dont vous avez r\u00e9ussi \u00e0 faire \u00e9voluer votre savoir-faire en marque, car C\u00e9line Robert Chapeaux est g\u00e9r\u00e9 comme une marque \u00e0 pr\u00e9sent.\u00a0 Le mod\u00e8le id\u00e9al pour la bonne gestion d\u2019une marque de luxe reste l\u2019id\u00e9e du duo form\u00e9 du cr\u00e9atif et du gestionnaire\u2026 Votre couple \u00e0 la ville l\u2019est donc aussi au travail\u00a0?<\/span><\/p>\n<p style=\"text-align: left;\"><span style=\"color: #808080;\">CR : Avant que mon \u00e9poux ne vienne me rejoindre, j\u2019avais d\u00e9j\u00e0 ma structure. Ce qui l\u2019a int\u00e9ress\u00e9, c\u2019est de d\u00e9velopper un r\u00e9seau de boutiques en nom propre et faire donc de mon nom\u00a0 une marque.<\/span><\/p>\n<p style=\"text-align: left;\"><span style=\"color: #808080;\">Dans vos six boutiques parisiennes, vous pr\u00e9sentez aussi une large collection de chapeaux hommes et femmes de \u00a0Borsalino, Stetson, Guerra, Fl\u00e9chet, La Tribu des oiseaux et vous avez mis en place un service de\u00a0 conseil en r\u00e9paration de chapeaux\u2026<\/span><\/p>\n<p style=\"text-align: left;\"><span style=\"color: #808080;\">CR : C\u2019est une d\u00e9marche m\u00e9tier. C\u2019est une chapellerie traditionnelle regroupant des produits cr\u00e9\u00e9s par des modistes partageant la m\u00eame exigence. Comme c\u2019est un m\u00e9tier devenu peu courant, tout en \u00e9tant affectif parce qu\u2019 on a tous dans nos placards des chapeaux de grands parents ou autres que l\u2019on aimerait parfois porter, nous proposons de donner un deuxi\u00e8me vie \u00e0 ces chapeaux \u00e0 la valeur affective. Nous les r\u00e9parons et nettoyons. C\u2019est aussi une fa\u00e7on de se raccrocher \u00e0 nos racines. C\u2019est important pour nos m\u00e9tiers. Cette d\u00e9marche s\u2019int\u00e8gre bien avec notre lieu sp\u00e9cialis\u00e9. \u00a0On aime les chapeaux quels qu\u2019ils soient et d\u2019o\u00f9 ils viennent. \u00a0On encourage les gens \u00e0 en remettre. Vous pouvez tout \u00e0 fait ramener votre chapeau quel qu\u2019il soit, m\u00eame ancien, on peut remettre une\u00a0 voilette, le nettoyer sauf quand la mati\u00e8re ne le permet plus. Nous faisons un vrai diagnostic sur l\u2019objet.<\/span><\/p>\n<p style=\"text-align: left;\"><span style=\"color: #808080;\">Si votre d\u00e9veloppement actuel est possible c\u2019est parce que vous avez un investisseur, comment cela s\u2019est-il mis en place\u00a0?<\/span><\/p>\n<p style=\"text-align: left;\"><span style=\"color: #808080;\">CR : Notre investisseur priv\u00e9, Seven Finances li\u00e9 \u00e0 l\u2019entreprise Agema, est notre agenceur de boutique et un investisseur sur un autre r\u00e9seau de boutiques li\u00e9es \u00e0 la mode homme dans l\u2019univers du rugby. Nous l\u2019avons rencontr\u00e9 par le biais de nos formations professionnelles o\u00f9 nous avions \u00e9t\u00e9 mis en relation avec le cabinet Texageres, il y a un an. Aujourd\u2019hui, nous sommes int\u00e9ress\u00e9s aussi par le croisement des comp\u00e9tences, et nous pourrions m\u00eame faire des cr\u00e9ations pour cette mode homme li\u00e9e \u00e0 l\u2019univers du rugby. Cela permet de se constituer en groupe, de lier la production au d\u00e9veloppement du r\u00e9seau de boutiques et d\u2019amplifier cette \u00e9nergie pour avoir aussi des emplacements de premier choix. Cela nous permet de nous d\u00e9velopper plus vite\u00a0!<\/span><\/p>\n<p style=\"text-align: left;\"><span style=\"color: #808080;\">Site de <a style=\"color: #808080;\" href=\"http:\/\/www.celinerobert.com\/accueil.php\">C\u00e9line Robert Chapeaux<\/a><\/span><\/p>\n<p style=\"text-align: left;\"><a href=\"http:\/\/thedailycouture.com\/wp-content\/uploads\/2017\/06\/stephanie_bui_the_daily_couture.gif\"><br \/>\n<img loading=\"lazy\" decoding=\"async\" class=\"size-full wp-image-14202 alignleft\" src=\"http:\/\/thedailycouture.com\/wp-content\/uploads\/2017\/06\/stephanie_bui_the_daily_couture.gif\" alt=\"\" width=\"488\" height=\"150\" \/><\/a><\/p>\n<p>&nbsp;<\/p>\n<p>&nbsp;<\/p>\n<p>&nbsp;<\/p>\n<p>&nbsp;<\/p>\n<pre><span style=\"color: #808080;\">@<a style=\"color: #808080;\" href=\"https:\/\/twitter.com\/thedailycouture\">thedailycouture<\/a><\/span> \r\n\r\n<span style=\"color: #808080;\">Depuis 2011, \u00e0 la demande, the Daily Couture organise\u00a0des immersions dans les Ateliers Haute Couture \u00e0 Paris travaillant pour les plus grandes maisons de mode. Envoyez-nous votre demande :\u00a0<a style=\"color: #808080;\" href=\"http:\/\/thedailycouture.com\/fr\/2018\/03\/19\/francais-tissus-innovants-japon\/mailto%20:%20info@thedailycouture.com\">info@thedailycouture.com<\/a><\/span> \r\n\r\n<span style=\"color: #808080;\">En savoir plus, c'est par ici : Visites Ateliers Haute Couture \u00e0 Paris | Immersions Mode<\/span> \r\n\r\n<span style=\"color: #808080;\">Ils nous font confiance : ref clients<\/span><\/pre>\n","protected":false},"excerpt":{"rendered":"<p>C&#8217;est une histoire de mode fond\u00e9e sur un savoir-faire et des convictions \u00e0 d\u00e9fendre, celle de C\u00e9line Robert, cr\u00e9atrice modiste attach\u00e9e \u00e0 son m\u00e9tier et au made in France. Elle nous emm\u00e8ne dans les coulisses de la cr\u00e9ation artisanale de chapeaux.<\/p>\n","protected":false},"author":1,"featured_media":15307,"comment_status":"open","ping_status":"open","sticky":false,"template":"","format":"standard","meta":{"footnotes":""},"categories":[281],"tags":[124,142,189,297,311],"class_list":["post-6517","post","type-post","status-publish","format-standard","has-post-thumbnail","hentry","category-reinventer","tag-artisan-du-luxe","tag-made-in-france","tag-modiste","tag-stephanie-bui-2","tag-the-daily-couture-2"],"yoast_head":"<!-- This site is optimized with the Yoast SEO plugin v27.5 - https:\/\/yoast.com\/product\/yoast-seo-wordpress\/ -->\n<title>CHAPEAUX \u00c0 HISTOIRES FABRIQU\u00c9S EN FRANCE - The Daily Couture<\/title>\n<meta name=\"robots\" content=\"index, follow, max-snippet:-1, max-image-preview:large, max-video-preview:-1\" \/>\n<link rel=\"canonical\" href=\"https:\/\/thedailycouture.com\/francais-chapeaux-a-histoires\/\" \/>\n<meta property=\"og:locale\" content=\"en_US\" \/>\n<meta property=\"og:type\" content=\"article\" \/>\n<meta property=\"og:title\" content=\"CHAPEAUX \u00c0 HISTOIRES FABRIQU\u00c9S EN FRANCE - The Daily Couture\" \/>\n<meta property=\"og:description\" content=\"C&#039;est une histoire de mode fond\u00e9e sur un savoir-faire et des convictions \u00e0 d\u00e9fendre, celle de C\u00e9line Robert, cr\u00e9atrice modiste attach\u00e9e \u00e0 son m\u00e9tier et au made in France. Elle nous emm\u00e8ne dans les coulisses de la cr\u00e9ation artisanale de chapeaux.\" \/>\n<meta property=\"og:url\" content=\"https:\/\/thedailycouture.com\/francais-chapeaux-a-histoires\/\" \/>\n<meta property=\"og:site_name\" content=\"The Daily Couture\" \/>\n<meta property=\"article:publisher\" content=\"https:\/\/www.facebook.com\/TheDailyCouture\/\" \/>\n<meta property=\"article:published_time\" content=\"2012-03-30T18:00:56+00:00\" \/>\n<meta property=\"article:modified_time\" content=\"2019-03-15T16:04:46+00:00\" \/>\n<meta property=\"og:image\" content=\"https:\/\/thedailycouture.com\/wp-content\/uploads\/2012\/03\/chapeau-madeinfrance-1.gif\" \/>\n\t<meta property=\"og:image:width\" content=\"600\" \/>\n\t<meta property=\"og:image:height\" content=\"600\" \/>\n\t<meta property=\"og:image:type\" content=\"image\/gif\" \/>\n<meta name=\"author\" content=\"The Daily Couture\" \/>\n<meta name=\"twitter:card\" content=\"summary_large_image\" \/>\n<meta name=\"twitter:creator\" content=\"@thedailycouture\" \/>\n<meta name=\"twitter:site\" content=\"@thedailycouture\" \/>\n<meta name=\"twitter:label1\" content=\"Written by\" \/>\n\t<meta name=\"twitter:data1\" content=\"The Daily Couture\" \/>\n\t<meta name=\"twitter:label2\" content=\"Est. reading time\" \/>\n\t<meta name=\"twitter:data2\" content=\"12 minutes\" \/>\n<script type=\"application\/ld+json\" class=\"yoast-schema-graph\">{\"@context\":\"https:\\\/\\\/schema.org\",\"@graph\":[{\"@type\":\"Article\",\"@id\":\"https:\\\/\\\/thedailycouture.com\\\/francais-chapeaux-a-histoires\\\/#article\",\"isPartOf\":{\"@id\":\"https:\\\/\\\/thedailycouture.com\\\/francais-chapeaux-a-histoires\\\/\"},\"author\":{\"name\":\"The Daily Couture\",\"@id\":\"https:\\\/\\\/thedailycouture.com\\\/#\\\/schema\\\/person\\\/cb0e442ced5f1118e047c150e89ce069\"},\"headline\":\"CHAPEAUX \u00c0 HISTOIRES FABRIQU\u00c9S EN FRANCE\",\"datePublished\":\"2012-03-30T18:00:56+00:00\",\"dateModified\":\"2019-03-15T16:04:46+00:00\",\"mainEntityOfPage\":{\"@id\":\"https:\\\/\\\/thedailycouture.com\\\/francais-chapeaux-a-histoires\\\/\"},\"wordCount\":2372,\"commentCount\":0,\"publisher\":{\"@id\":\"https:\\\/\\\/thedailycouture.com\\\/#organization\"},\"image\":{\"@id\":\"https:\\\/\\\/thedailycouture.com\\\/francais-chapeaux-a-histoires\\\/#primaryimage\"},\"thumbnailUrl\":\"https:\\\/\\\/thedailycouture.com\\\/wp-content\\\/uploads\\\/2012\\\/03\\\/chapeau-madeinfrance-1.gif\",\"keywords\":[\"artisan du luxe\",\"made in France\",\"modiste\",\"st\u00e9phanie bui\",\"the daily couture\"],\"articleSection\":[\"R\u00e9inventer\"],\"inLanguage\":\"en-US\",\"potentialAction\":[{\"@type\":\"CommentAction\",\"name\":\"Comment\",\"target\":[\"https:\\\/\\\/thedailycouture.com\\\/francais-chapeaux-a-histoires\\\/#respond\"]}]},{\"@type\":\"WebPage\",\"@id\":\"https:\\\/\\\/thedailycouture.com\\\/francais-chapeaux-a-histoires\\\/\",\"url\":\"https:\\\/\\\/thedailycouture.com\\\/francais-chapeaux-a-histoires\\\/\",\"name\":\"CHAPEAUX \u00c0 HISTOIRES FABRIQU\u00c9S EN FRANCE - The Daily Couture\",\"isPartOf\":{\"@id\":\"https:\\\/\\\/thedailycouture.com\\\/#website\"},\"primaryImageOfPage\":{\"@id\":\"https:\\\/\\\/thedailycouture.com\\\/francais-chapeaux-a-histoires\\\/#primaryimage\"},\"image\":{\"@id\":\"https:\\\/\\\/thedailycouture.com\\\/francais-chapeaux-a-histoires\\\/#primaryimage\"},\"thumbnailUrl\":\"https:\\\/\\\/thedailycouture.com\\\/wp-content\\\/uploads\\\/2012\\\/03\\\/chapeau-madeinfrance-1.gif\",\"datePublished\":\"2012-03-30T18:00:56+00:00\",\"dateModified\":\"2019-03-15T16:04:46+00:00\",\"breadcrumb\":{\"@id\":\"https:\\\/\\\/thedailycouture.com\\\/francais-chapeaux-a-histoires\\\/#breadcrumb\"},\"inLanguage\":\"en-US\",\"potentialAction\":[{\"@type\":\"ReadAction\",\"target\":[\"https:\\\/\\\/thedailycouture.com\\\/francais-chapeaux-a-histoires\\\/\"]}]},{\"@type\":\"ImageObject\",\"inLanguage\":\"en-US\",\"@id\":\"https:\\\/\\\/thedailycouture.com\\\/francais-chapeaux-a-histoires\\\/#primaryimage\",\"url\":\"https:\\\/\\\/thedailycouture.com\\\/wp-content\\\/uploads\\\/2012\\\/03\\\/chapeau-madeinfrance-1.gif\",\"contentUrl\":\"https:\\\/\\\/thedailycouture.com\\\/wp-content\\\/uploads\\\/2012\\\/03\\\/chapeau-madeinfrance-1.gif\",\"width\":600,\"height\":600},{\"@type\":\"BreadcrumbList\",\"@id\":\"https:\\\/\\\/thedailycouture.com\\\/francais-chapeaux-a-histoires\\\/#breadcrumb\",\"itemListElement\":[{\"@type\":\"ListItem\",\"position\":1,\"name\":\"Accueil\",\"item\":\"https:\\\/\\\/thedailycouture.com\\\/en\\\/\"},{\"@type\":\"ListItem\",\"position\":2,\"name\":\"CHAPEAUX \u00c0 HISTOIRES FABRIQU\u00c9S EN FRANCE\"}]},{\"@type\":\"WebSite\",\"@id\":\"https:\\\/\\\/thedailycouture.com\\\/#website\",\"url\":\"https:\\\/\\\/thedailycouture.com\\\/\",\"name\":\"The Daily Couture\",\"description\":\"Haute Couture workshops tours in Paris by a fashion journalist\",\"publisher\":{\"@id\":\"https:\\\/\\\/thedailycouture.com\\\/#organization\"},\"potentialAction\":[{\"@type\":\"SearchAction\",\"target\":{\"@type\":\"EntryPoint\",\"urlTemplate\":\"https:\\\/\\\/thedailycouture.com\\\/?s={search_term_string}\"},\"query-input\":{\"@type\":\"PropertyValueSpecification\",\"valueRequired\":true,\"valueName\":\"search_term_string\"}}],\"inLanguage\":\"en-US\"},{\"@type\":\"Organization\",\"@id\":\"https:\\\/\\\/thedailycouture.com\\\/#organization\",\"name\":\"The Daily Couture | Eloge des Arts du Faire | Sp\u00e9cialiste des Visites d'Ateliers Haute Couture Paris\",\"url\":\"https:\\\/\\\/thedailycouture.com\\\/\",\"logo\":{\"@type\":\"ImageObject\",\"inLanguage\":\"en-US\",\"@id\":\"https:\\\/\\\/thedailycouture.com\\\/#\\\/schema\\\/logo\\\/image\\\/\",\"url\":\"https:\\\/\\\/thedailycouture.com\\\/wp-content\\\/uploads\\\/2011\\\/11\\\/cropped-Dailycouture.gif\",\"contentUrl\":\"https:\\\/\\\/thedailycouture.com\\\/wp-content\\\/uploads\\\/2011\\\/11\\\/cropped-Dailycouture.gif\",\"width\":512,\"height\":512,\"caption\":\"The Daily Couture | Eloge des Arts du Faire | Sp\u00e9cialiste des Visites d'Ateliers Haute Couture Paris\"},\"image\":{\"@id\":\"https:\\\/\\\/thedailycouture.com\\\/#\\\/schema\\\/logo\\\/image\\\/\"},\"sameAs\":[\"https:\\\/\\\/www.facebook.com\\\/TheDailyCouture\\\/\",\"https:\\\/\\\/x.com\\\/thedailycouture\",\"https:\\\/\\\/www.instagram.com\\\/thedailycouture\\\/?hl=fr\",\"https:\\\/\\\/www.youtube.com\\\/user\\\/TheDailyCoutureParis\"]},{\"@type\":\"Person\",\"@id\":\"https:\\\/\\\/thedailycouture.com\\\/#\\\/schema\\\/person\\\/cb0e442ced5f1118e047c150e89ce069\",\"name\":\"The Daily Couture\"}]}<\/script>\n<!-- \/ Yoast SEO plugin. -->","yoast_head_json":{"title":"CHAPEAUX \u00c0 HISTOIRES FABRIQU\u00c9S EN FRANCE - The Daily Couture","robots":{"index":"index","follow":"follow","max-snippet":"max-snippet:-1","max-image-preview":"max-image-preview:large","max-video-preview":"max-video-preview:-1"},"canonical":"https:\/\/thedailycouture.com\/francais-chapeaux-a-histoires\/","og_locale":"en_US","og_type":"article","og_title":"CHAPEAUX \u00c0 HISTOIRES FABRIQU\u00c9S EN FRANCE - The Daily Couture","og_description":"C'est une histoire de mode fond\u00e9e sur un savoir-faire et des convictions \u00e0 d\u00e9fendre, celle de C\u00e9line Robert, cr\u00e9atrice modiste attach\u00e9e \u00e0 son m\u00e9tier et au made in France. Elle nous emm\u00e8ne dans les coulisses de la cr\u00e9ation artisanale de chapeaux.","og_url":"https:\/\/thedailycouture.com\/francais-chapeaux-a-histoires\/","og_site_name":"The Daily Couture","article_publisher":"https:\/\/www.facebook.com\/TheDailyCouture\/","article_published_time":"2012-03-30T18:00:56+00:00","article_modified_time":"2019-03-15T16:04:46+00:00","og_image":[{"width":600,"height":600,"url":"https:\/\/thedailycouture.com\/wp-content\/uploads\/2012\/03\/chapeau-madeinfrance-1.gif","type":"image\/gif"}],"author":"The Daily Couture","twitter_card":"summary_large_image","twitter_creator":"@thedailycouture","twitter_site":"@thedailycouture","twitter_misc":{"Written by":"The Daily Couture","Est. reading time":"12 minutes"},"schema":{"@context":"https:\/\/schema.org","@graph":[{"@type":"Article","@id":"https:\/\/thedailycouture.com\/francais-chapeaux-a-histoires\/#article","isPartOf":{"@id":"https:\/\/thedailycouture.com\/francais-chapeaux-a-histoires\/"},"author":{"name":"The Daily Couture","@id":"https:\/\/thedailycouture.com\/#\/schema\/person\/cb0e442ced5f1118e047c150e89ce069"},"headline":"CHAPEAUX \u00c0 HISTOIRES FABRIQU\u00c9S EN FRANCE","datePublished":"2012-03-30T18:00:56+00:00","dateModified":"2019-03-15T16:04:46+00:00","mainEntityOfPage":{"@id":"https:\/\/thedailycouture.com\/francais-chapeaux-a-histoires\/"},"wordCount":2372,"commentCount":0,"publisher":{"@id":"https:\/\/thedailycouture.com\/#organization"},"image":{"@id":"https:\/\/thedailycouture.com\/francais-chapeaux-a-histoires\/#primaryimage"},"thumbnailUrl":"https:\/\/thedailycouture.com\/wp-content\/uploads\/2012\/03\/chapeau-madeinfrance-1.gif","keywords":["artisan du luxe","made in France","modiste","st\u00e9phanie bui","the daily couture"],"articleSection":["R\u00e9inventer"],"inLanguage":"en-US","potentialAction":[{"@type":"CommentAction","name":"Comment","target":["https:\/\/thedailycouture.com\/francais-chapeaux-a-histoires\/#respond"]}]},{"@type":"WebPage","@id":"https:\/\/thedailycouture.com\/francais-chapeaux-a-histoires\/","url":"https:\/\/thedailycouture.com\/francais-chapeaux-a-histoires\/","name":"CHAPEAUX \u00c0 HISTOIRES FABRIQU\u00c9S EN FRANCE - The Daily Couture","isPartOf":{"@id":"https:\/\/thedailycouture.com\/#website"},"primaryImageOfPage":{"@id":"https:\/\/thedailycouture.com\/francais-chapeaux-a-histoires\/#primaryimage"},"image":{"@id":"https:\/\/thedailycouture.com\/francais-chapeaux-a-histoires\/#primaryimage"},"thumbnailUrl":"https:\/\/thedailycouture.com\/wp-content\/uploads\/2012\/03\/chapeau-madeinfrance-1.gif","datePublished":"2012-03-30T18:00:56+00:00","dateModified":"2019-03-15T16:04:46+00:00","breadcrumb":{"@id":"https:\/\/thedailycouture.com\/francais-chapeaux-a-histoires\/#breadcrumb"},"inLanguage":"en-US","potentialAction":[{"@type":"ReadAction","target":["https:\/\/thedailycouture.com\/francais-chapeaux-a-histoires\/"]}]},{"@type":"ImageObject","inLanguage":"en-US","@id":"https:\/\/thedailycouture.com\/francais-chapeaux-a-histoires\/#primaryimage","url":"https:\/\/thedailycouture.com\/wp-content\/uploads\/2012\/03\/chapeau-madeinfrance-1.gif","contentUrl":"https:\/\/thedailycouture.com\/wp-content\/uploads\/2012\/03\/chapeau-madeinfrance-1.gif","width":600,"height":600},{"@type":"BreadcrumbList","@id":"https:\/\/thedailycouture.com\/francais-chapeaux-a-histoires\/#breadcrumb","itemListElement":[{"@type":"ListItem","position":1,"name":"Accueil","item":"https:\/\/thedailycouture.com\/en\/"},{"@type":"ListItem","position":2,"name":"CHAPEAUX \u00c0 HISTOIRES FABRIQU\u00c9S EN FRANCE"}]},{"@type":"WebSite","@id":"https:\/\/thedailycouture.com\/#website","url":"https:\/\/thedailycouture.com\/","name":"The Daily Couture","description":"Haute Couture workshops tours in Paris by a fashion journalist","publisher":{"@id":"https:\/\/thedailycouture.com\/#organization"},"potentialAction":[{"@type":"SearchAction","target":{"@type":"EntryPoint","urlTemplate":"https:\/\/thedailycouture.com\/?s={search_term_string}"},"query-input":{"@type":"PropertyValueSpecification","valueRequired":true,"valueName":"search_term_string"}}],"inLanguage":"en-US"},{"@type":"Organization","@id":"https:\/\/thedailycouture.com\/#organization","name":"The Daily Couture | Eloge des Arts du Faire | Sp\u00e9cialiste des Visites d'Ateliers Haute Couture Paris","url":"https:\/\/thedailycouture.com\/","logo":{"@type":"ImageObject","inLanguage":"en-US","@id":"https:\/\/thedailycouture.com\/#\/schema\/logo\/image\/","url":"https:\/\/thedailycouture.com\/wp-content\/uploads\/2011\/11\/cropped-Dailycouture.gif","contentUrl":"https:\/\/thedailycouture.com\/wp-content\/uploads\/2011\/11\/cropped-Dailycouture.gif","width":512,"height":512,"caption":"The Daily Couture | Eloge des Arts du Faire | Sp\u00e9cialiste des Visites d'Ateliers Haute Couture Paris"},"image":{"@id":"https:\/\/thedailycouture.com\/#\/schema\/logo\/image\/"},"sameAs":["https:\/\/www.facebook.com\/TheDailyCouture\/","https:\/\/x.com\/thedailycouture","https:\/\/www.instagram.com\/thedailycouture\/?hl=fr","https:\/\/www.youtube.com\/user\/TheDailyCoutureParis"]},{"@type":"Person","@id":"https:\/\/thedailycouture.com\/#\/schema\/person\/cb0e442ced5f1118e047c150e89ce069","name":"The Daily Couture"}]}},"_links":{"self":[{"href":"https:\/\/thedailycouture.com\/en\/wp-json\/wp\/v2\/posts\/6517","targetHints":{"allow":["GET"]}}],"collection":[{"href":"https:\/\/thedailycouture.com\/en\/wp-json\/wp\/v2\/posts"}],"about":[{"href":"https:\/\/thedailycouture.com\/en\/wp-json\/wp\/v2\/types\/post"}],"author":[{"embeddable":true,"href":"https:\/\/thedailycouture.com\/en\/wp-json\/wp\/v2\/users\/1"}],"replies":[{"embeddable":true,"href":"https:\/\/thedailycouture.com\/en\/wp-json\/wp\/v2\/comments?post=6517"}],"version-history":[{"count":60,"href":"https:\/\/thedailycouture.com\/en\/wp-json\/wp\/v2\/posts\/6517\/revisions"}],"predecessor-version":[{"id":15712,"href":"https:\/\/thedailycouture.com\/en\/wp-json\/wp\/v2\/posts\/6517\/revisions\/15712"}],"wp:featuredmedia":[{"embeddable":true,"href":"https:\/\/thedailycouture.com\/en\/wp-json\/wp\/v2\/media\/15307"}],"wp:attachment":[{"href":"https:\/\/thedailycouture.com\/en\/wp-json\/wp\/v2\/media?parent=6517"}],"wp:term":[{"taxonomy":"category","embeddable":true,"href":"https:\/\/thedailycouture.com\/en\/wp-json\/wp\/v2\/categories?post=6517"},{"taxonomy":"post_tag","embeddable":true,"href":"https:\/\/thedailycouture.com\/en\/wp-json\/wp\/v2\/tags?post=6517"}],"curies":[{"name":"wp","href":"https:\/\/api.w.org\/{rel}","templated":true}]}}